{"id":123,"date":"2018-10-01T18:36:42","date_gmt":"2018-10-01T18:36:42","guid":{"rendered":"https:\/\/monas-welt.de\/?p=123"},"modified":"2025-10-25T20:17:30","modified_gmt":"2025-10-25T19:17:30","slug":"vanillekipferl","status":"publish","type":"post","link":"https:\/\/monas-welt.de\/2018\/10\/vanillekipferl\/","title":{"rendered":"Vanillekipferl"},"content":{"rendered":"<p><img loading=\"lazy\" decoding=\"async\" class=\"alignnone wp-image-124 size-full\" src=\"https:\/\/monas-welt.de\/wp-content\/uploads\/2018\/10\/Vanille.jpg\" alt=\"\" width=\"450\" height=\"350\" srcset=\"https:\/\/monas-welt.de\/wp-content\/uploads\/2018\/10\/Vanille.jpg 450w, https:\/\/monas-welt.de\/wp-content\/uploads\/2018\/10\/Vanille-300x233.jpg 300w\" sizes=\"auto, (max-width: 450px) 100vw, 450px\" \/><\/p>\n<p><big><strong>Zutaten:<\/strong><br \/>\n250 g Mehl<br \/>\n70 g Puderzucker<br \/>\n1 Ei<br \/>\n200 g Butter<br \/>\n1 Vanillezucker<br \/>\n1\/2 Teel. Backpulver<br \/>\n100 g gemahlene Haseln\u00fcsse<br \/>\nMark einer Vanilleschote<\/big><\/p>\n<p><big><strong>Zubereitung:<\/strong><br \/>\nMehl, Ei, weiche Butter, Backpulver, Vanillemark und Puderzucker zu einem Teig verarbeiten. Cirka 30 Min. im K\u00fchlschrank kaltstellen.<br \/>\nIm vorgeheizten Backofen bei 160-170 Grad etwa 10 Min. backen, anschlie\u00dfend Kekse in 50 g. Puderzucker und einem P\u00e4ckchen Vanilezucker w\u00e4lzen. <\/big><\/p>\n","protected":false},"excerpt":{"rendered":"<p>Zutaten: 250 g Mehl 70 g Puderzucker 1 Ei 200 g Butter 1 Vanillezucker 1\/2 Teel. Backpulver 100 g gemahlene Haseln\u00fcsse Mark einer Vanilleschote Zubereitung: Mehl, Ei, weiche Butter, Backpulver, Vanillemark und Puderzucker zu einem Teig verarbeiten. Cirka 30 Min. im K\u00fchlschrank kaltstellen. Im vorgeheizten Backofen bei 160-170 Grad etwa 10 Min. backen, anschlie\u00dfend Kekse&hellip;<\/p>\n","protected":false},"author":1,"featured_media":0,"comment_status":"open","ping_status":"closed","sticky":false,"template":"","format":"standard","meta":{"footnotes":""},"categories":[10],"tags":[],"class_list":["post-123","post","type-post","status-publish","format-standard","hentry","category-weihnachtsbackstube"],"_links":{"self":[{"href":"https:\/\/monas-welt.de\/wp-json\/wp\/v2\/posts\/123","targetHints":{"allow":["GET"]}}],"collection":[{"href":"https:\/\/monas-welt.de\/wp-json\/wp\/v2\/posts"}],"about":[{"href":"https:\/\/monas-welt.de\/wp-json\/wp\/v2\/types\/post"}],"author":[{"embeddable":true,"href":"https:\/\/monas-welt.de\/wp-json\/wp\/v2\/users\/1"}],"replies":[{"embeddable":true,"href":"https:\/\/monas-welt.de\/wp-json\/wp\/v2\/comments?post=123"}],"version-history":[{"count":3,"href":"https:\/\/monas-welt.de\/wp-json\/wp\/v2\/posts\/123\/revisions"}],"predecessor-version":[{"id":1400,"href":"https:\/\/monas-welt.de\/wp-json\/wp\/v2\/posts\/123\/revisions\/1400"}],"wp:attachment":[{"href":"https:\/\/monas-welt.de\/wp-json\/wp\/v2\/media?parent=123"}],"wp:term":[{"taxonomy":"category","embeddable":true,"href":"https:\/\/monas-welt.de\/wp-json\/wp\/v2\/categories?post=123"},{"taxonomy":"post_tag","embeddable":true,"href":"https:\/\/monas-welt.de\/wp-json\/wp\/v2\/tags?post=123"}],"curies":[{"name":"wp","href":"https:\/\/api.w.org\/{rel}","templated":true}]}}