{"id":157,"date":"2018-10-01T18:58:24","date_gmt":"2018-10-01T18:58:24","guid":{"rendered":"https:\/\/monas-welt.de\/?p=157"},"modified":"2025-10-25T20:17:20","modified_gmt":"2025-10-25T19:17:20","slug":"heidesand","status":"publish","type":"post","link":"https:\/\/monas-welt.de\/2018\/10\/heidesand\/","title":{"rendered":"Heidesand"},"content":{"rendered":"<p><img loading=\"lazy\" decoding=\"async\" class=\"alignnone wp-image-158 size-full\" src=\"https:\/\/monas-welt.de\/wp-content\/uploads\/2018\/10\/heidesand.jpg\" alt=\"\" width=\"450\" height=\"350\" srcset=\"https:\/\/monas-welt.de\/wp-content\/uploads\/2018\/10\/heidesand.jpg 450w, https:\/\/monas-welt.de\/wp-content\/uploads\/2018\/10\/heidesand-300x233.jpg 300w\" sizes=\"auto, (max-width: 450px) 100vw, 450px\" \/><\/p>\n<p><big><strong>Zutaten:<\/strong><br \/>\n200 g zimmerwarme Butter<br \/>\n80 g Puderzucker<br \/>\n50 g Marzipan &#8211; Rohmasse<br \/>\n1 P\u00e4ckchen Vanillinzucker<br \/>\n1 Eiwei\u00df<br \/>\n4 Essl\u00f6ffel Zucker<br \/>\n250 g Mehl<br \/>\n<strong><br \/>\nZubereitung<\/strong><br \/>\nDie Butter mit dem Puderzucker, dem Marzipan und dem Vanillinzucker cremig verr\u00fchren.<br \/>\nAls n\u00e4chstes das Mehl dar\u00fcber sieben und alles gut verkneten.<br \/>\nAus dem Teig werden nun ca. 3cm dicke Rollen geformt, welche in Klarsichtfolie eingewickelt werden und \u00fcber Nacht im K\u00fchlschrank gelagert werden.<br \/>\nAm n\u00e4chsten Tag werden die Teigstangen mit etwas verschlagenem Eiwei\u00df bestrichen und in Zucker gewendet.<br \/>\nNun werden etwa 0,5cm dicke Scheiben abgeschnitten und auf ein mit Backpapier ausgelegtes Backblech gegeben.<br \/>\nIm vorgeheizten Backofen (190\u00b0C) werden die Taler nun f\u00fcr ca. 10-15 Minuten gebacken. <\/big><\/p>\n","protected":false},"excerpt":{"rendered":"<p>Zutaten: 200 g zimmerwarme Butter 80 g Puderzucker 50 g Marzipan &#8211; Rohmasse 1 P\u00e4ckchen Vanillinzucker 1 Eiwei\u00df 4 Essl\u00f6ffel Zucker 250 g Mehl Zubereitung Die Butter mit dem Puderzucker, dem Marzipan und dem Vanillinzucker cremig verr\u00fchren. Als n\u00e4chstes das Mehl dar\u00fcber sieben und alles gut verkneten. Aus dem Teig werden nun ca. 3cm dicke&hellip;<\/p>\n","protected":false},"author":1,"featured_media":0,"comment_status":"open","ping_status":"closed","sticky":false,"template":"","format":"standard","meta":{"footnotes":""},"categories":[10],"tags":[],"class_list":["post-157","post","type-post","status-publish","format-standard","hentry","category-weihnachtsbackstube"],"_links":{"self":[{"href":"https:\/\/monas-welt.de\/wp-json\/wp\/v2\/posts\/157","targetHints":{"allow":["GET"]}}],"collection":[{"href":"https:\/\/monas-welt.de\/wp-json\/wp\/v2\/posts"}],"about":[{"href":"https:\/\/monas-welt.de\/wp-json\/wp\/v2\/types\/post"}],"author":[{"embeddable":true,"href":"https:\/\/monas-welt.de\/wp-json\/wp\/v2\/users\/1"}],"replies":[{"embeddable":true,"href":"https:\/\/monas-welt.de\/wp-json\/wp\/v2\/comments?post=157"}],"version-history":[{"count":2,"href":"https:\/\/monas-welt.de\/wp-json\/wp\/v2\/posts\/157\/revisions"}],"predecessor-version":[{"id":1255,"href":"https:\/\/monas-welt.de\/wp-json\/wp\/v2\/posts\/157\/revisions\/1255"}],"wp:attachment":[{"href":"https:\/\/monas-welt.de\/wp-json\/wp\/v2\/media?parent=157"}],"wp:term":[{"taxonomy":"category","embeddable":true,"href":"https:\/\/monas-welt.de\/wp-json\/wp\/v2\/categories?post=157"},{"taxonomy":"post_tag","embeddable":true,"href":"https:\/\/monas-welt.de\/wp-json\/wp\/v2\/tags?post=157"}],"curies":[{"name":"wp","href":"https:\/\/api.w.org\/{rel}","templated":true}]}}