{"id":2667,"date":"2025-01-26T14:18:58","date_gmt":"2025-01-26T13:18:58","guid":{"rendered":"https:\/\/monas-welt.de\/?p=2667"},"modified":"2025-10-25T20:13:57","modified_gmt":"2025-10-25T19:13:57","slug":"bunte-obst-tarte","status":"publish","type":"post","link":"https:\/\/monas-welt.de\/2025\/01\/bunte-obst-tarte\/","title":{"rendered":"Bunte Obst-Tarte"},"content":{"rendered":"\n<figure class=\"wp-block-image size-full\"><img loading=\"lazy\" decoding=\"async\" width=\"550\" height=\"327\" src=\"https:\/\/monas-welt.de\/wp-content\/uploads\/2025\/01\/obstkuchen.jpg\" alt=\"\" class=\"wp-image-2668\" srcset=\"https:\/\/monas-welt.de\/wp-content\/uploads\/2025\/01\/obstkuchen.jpg 550w, https:\/\/monas-welt.de\/wp-content\/uploads\/2025\/01\/obstkuchen-300x178.jpg 300w\" sizes=\"auto, (max-width: 550px) 100vw, 550px\" \/><\/figure>\n\n\n\n<p><strong>Zutaten M\u00fcrbeteig:<\/strong><br>280 g Weizenmehl<br>120 g Butter<br>90 g Puderzucker<br>1 Ei<br>1 Prise Salz<\/p>\n\n\n\n<p><strong>Zutaten Belag:<\/strong><br>1 P. Vanillepudding zum kochen<br>Bunt gemischtes frisches Obst<br>1 P. Tortenguss klar<\/p>\n\n\n\n<p><strong>Zubereitung<\/strong>:<br>F\u00fcr den M\u00fcrbeteig alle Zutaten verkneten, in Frischhaltefolie<br>wickeln und f\u00fcr 45 Minuten in den K\u00fchlschrank legen.<br>Teig ausrollen und in eine gefettete Tarteform geben und mit einer<br>Gabel den Boden mehrfach einstechen.<br>Im vorgeheizten Backofen bei 175 Grad etwa 30 Minuten backen.<br>Kalt werden lassen.<\/p>\n\n\n\n<p>Den Vanillepudding nach Packungsangabe , aber nur mit 400 ml Milch,<br>kochen und auf dem M\u00fcrbeteigboden verteilen.<br>Gemischte Fr\u00fcchte nach Herzenslust auf dem Pudding verteilen.<\/p>\n\n\n\n<p>Tortenguss zubereiten und auf den Fr\u00fcchten verteilen.<\/p>\n","protected":false},"excerpt":{"rendered":"<p>Zutaten M\u00fcrbeteig:280 g Weizenmehl120 g Butter90 g Puderzucker1 Ei1 Prise Salz Zutaten Belag:1 P. Vanillepudding zum kochenBunt gemischtes frisches Obst1 P. Tortenguss klar Zubereitung:F\u00fcr den M\u00fcrbeteig alle Zutaten verkneten, in Frischhaltefoliewickeln und f\u00fcr 45 Minuten in den K\u00fchlschrank legen.Teig ausrollen und in eine gefettete Tarteform geben und mit einerGabel den Boden mehrfach einstechen.Im vorgeheizten Backofen&hellip;<\/p>\n","protected":false},"author":1,"featured_media":0,"comment_status":"open","ping_status":"closed","sticky":false,"template":"","format":"standard","meta":{"footnotes":""},"categories":[28],"tags":[],"class_list":["post-2667","post","type-post","status-publish","format-standard","hentry","category-kuchen-torten"],"_links":{"self":[{"href":"https:\/\/monas-welt.de\/wp-json\/wp\/v2\/posts\/2667","targetHints":{"allow":["GET"]}}],"collection":[{"href":"https:\/\/monas-welt.de\/wp-json\/wp\/v2\/posts"}],"about":[{"href":"https:\/\/monas-welt.de\/wp-json\/wp\/v2\/types\/post"}],"author":[{"embeddable":true,"href":"https:\/\/monas-welt.de\/wp-json\/wp\/v2\/users\/1"}],"replies":[{"embeddable":true,"href":"https:\/\/monas-welt.de\/wp-json\/wp\/v2\/comments?post=2667"}],"version-history":[{"count":1,"href":"https:\/\/monas-welt.de\/wp-json\/wp\/v2\/posts\/2667\/revisions"}],"predecessor-version":[{"id":2669,"href":"https:\/\/monas-welt.de\/wp-json\/wp\/v2\/posts\/2667\/revisions\/2669"}],"wp:attachment":[{"href":"https:\/\/monas-welt.de\/wp-json\/wp\/v2\/media?parent=2667"}],"wp:term":[{"taxonomy":"category","embeddable":true,"href":"https:\/\/monas-welt.de\/wp-json\/wp\/v2\/categories?post=2667"},{"taxonomy":"post_tag","embeddable":true,"href":"https:\/\/monas-welt.de\/wp-json\/wp\/v2\/tags?post=2667"}],"curies":[{"name":"wp","href":"https:\/\/api.w.org\/{rel}","templated":true}]}}