{"id":454,"date":"2018-10-02T12:22:51","date_gmt":"2018-10-02T12:22:51","guid":{"rendered":"https:\/\/monas-welt.de\/?p=454"},"modified":"2025-10-25T20:16:44","modified_gmt":"2025-10-25T19:16:44","slug":"kabeljau-reispfanne","status":"publish","type":"post","link":"https:\/\/monas-welt.de\/2018\/10\/kabeljau-reispfanne\/","title":{"rendered":"Kabeljau Reispfanne"},"content":{"rendered":"<p><img loading=\"lazy\" decoding=\"async\" class=\"alignnone wp-image-455 size-full\" src=\"https:\/\/monas-welt.de\/wp-content\/uploads\/2018\/10\/kabeljaupfanne.jpg\" alt=\"\" width=\"450\" height=\"350\" srcset=\"https:\/\/monas-welt.de\/wp-content\/uploads\/2018\/10\/kabeljaupfanne.jpg 450w, https:\/\/monas-welt.de\/wp-content\/uploads\/2018\/10\/kabeljaupfanne-300x233.jpg 300w\" sizes=\"auto, (max-width: 450px) 100vw, 450px\" \/><\/p>\n<p><big><strong>Zutaten:<\/strong><br \/>\n600 g Kabeljau<br \/>\n2 E\u00dfl Zitronensaft<br \/>\n200 g M\u00f6hren<br \/>\n1 Bund Lauchzwiebeln<br \/>\n250 g Erbsen (teifgek\u00fchlt)<br \/>\n1 E\u00dfl Butter<br \/>\n200 g Wildreismischung<br \/>\n500 ml Gem\u00fcsebr\u00fche<br \/>\n1\/2 Bund Dill<br \/>\n100 g Cr\u00e8me fra\u00eeche<br \/>\nPaprikapulver<br \/>\nZitrone und Dill zum garnieren<br \/>\nPfeffer, Salz<\/big><\/p>\n<p><big><strong>Zubereitung:<\/strong><br \/>\nDas Fischfilet waschen, trocken tupfen, in St\u00fccke teilen und mit dem Zitronensaft betr\u00e4ufeln.<br \/>\nDie St\u00fccken mit Pfeffer und Salz w\u00fcrzen.<br \/>\nDie M\u00f6hren putzen und in Scheiben schneiden.<br \/>\nDie Lauchzwiebel waschen und klein schneiden. In einer Pfanne die Butter erhitzen, darin die Lauchzwiebeln und den Reis and\u00fcnsten.<br \/>\nDie M\u00f6hrenscheiben und die gefrorenen Erbsen dazu geben, mit Pfeffer und Salz w\u00fcrzen.<br \/>\nDie Pfanne mit der Br\u00fche abl\u00f6schen, kurz aufkochen und bei mittlerer Hitze etwa 10 min k\u00f6cheln lassen.<br \/>\nNach dieser Garzeit die Fischst\u00fccken auf die Reis-Gem\u00fcsemasse legen, die Pfanne gut abdecken und bei mittlerer W\u00e4rmezufuhr<br \/>\nweitere 10 min garen. Inzwischen den Dill waschen, trocken sch\u00fctteln und bis auf einen kleinen Rest, der zum Garnieren ben\u00f6tigt wird,<br \/>\nfein hacken. Die Fischst\u00fccken vorsichtig von dem Reisbett heben. Die Reis-Gem\u00fcsemasse auf den Tellern verteilen,<br \/>\nje 2 St\u00fccken Kabeljau darauf anrichten. Die Cr\u00e8me fra\u00eeche auf dem Fisch verteilen, mit dem gehackten Dill und dem Paprikapulver bestreuen.<\/big><\/p>\n","protected":false},"excerpt":{"rendered":"<p>Zutaten: 600 g Kabeljau 2 E\u00dfl Zitronensaft 200 g M\u00f6hren 1 Bund Lauchzwiebeln 250 g Erbsen (teifgek\u00fchlt) 1 E\u00dfl Butter 200 g Wildreismischung 500 ml Gem\u00fcsebr\u00fche 1\/2 Bund Dill 100 g Cr\u00e8me fra\u00eeche Paprikapulver Zitrone und Dill zum garnieren Pfeffer, Salz Zubereitung: Das Fischfilet waschen, trocken tupfen, in St\u00fccke teilen und mit dem Zitronensaft betr\u00e4ufeln.&hellip;<\/p>\n","protected":false},"author":1,"featured_media":0,"comment_status":"open","ping_status":"closed","sticky":false,"template":"","format":"standard","meta":{"footnotes":""},"categories":[12],"tags":[],"class_list":["post-454","post","type-post","status-publish","format-standard","hentry","category-fisch-meeresfruechte"],"_links":{"self":[{"href":"https:\/\/monas-welt.de\/wp-json\/wp\/v2\/posts\/454","targetHints":{"allow":["GET"]}}],"collection":[{"href":"https:\/\/monas-welt.de\/wp-json\/wp\/v2\/posts"}],"about":[{"href":"https:\/\/monas-welt.de\/wp-json\/wp\/v2\/types\/post"}],"author":[{"embeddable":true,"href":"https:\/\/monas-welt.de\/wp-json\/wp\/v2\/users\/1"}],"replies":[{"embeddable":true,"href":"https:\/\/monas-welt.de\/wp-json\/wp\/v2\/comments?post=454"}],"version-history":[{"count":3,"href":"https:\/\/monas-welt.de\/wp-json\/wp\/v2\/posts\/454\/revisions"}],"predecessor-version":[{"id":1347,"href":"https:\/\/monas-welt.de\/wp-json\/wp\/v2\/posts\/454\/revisions\/1347"}],"wp:attachment":[{"href":"https:\/\/monas-welt.de\/wp-json\/wp\/v2\/media?parent=454"}],"wp:term":[{"taxonomy":"category","embeddable":true,"href":"https:\/\/monas-welt.de\/wp-json\/wp\/v2\/categories?post=454"},{"taxonomy":"post_tag","embeddable":true,"href":"https:\/\/monas-welt.de\/wp-json\/wp\/v2\/tags?post=454"}],"curies":[{"name":"wp","href":"https:\/\/api.w.org\/{rel}","templated":true}]}}